{"id":96,"date":"2012-12-18T12:55:26","date_gmt":"2012-12-18T11:55:26","guid":{"rendered":"http:\/\/hartz4-muss-weg.de\/?p=96"},"modified":"2012-12-18T12:55:26","modified_gmt":"2012-12-18T11:55:26","slug":"jeden-monat-infostand-im-dezember","status":"publish","type":"post","link":"https:\/\/hartz4-muss-weg.de\/?p=96","title":{"rendered":"Jeden-Monat-Infostand im Dezember"},"content":{"rendered":"<p>Am <strong>Mittwoch, den 19.12.2012<\/strong> ist wieder unser Jeden-Monat-Infostand (JMI) auf dem Kardinal-Volk-Platz am stadtzugewandten Ausgang der R\u00f6merpassage. Die\u00a0 Mainzer Initiative gegen HARTZ IV \u00a0wird dabei unterst\u00fctzt vom Bezirkserwerbslosenausschuss ver.di Rhein &#8211; Nahe &#8211; Hunsr\u00fcck und der\u00a0 LINKEN HILFE Mainz e. V.<\/p>\n<p><strong>Ab etwa 11 Uhr bis (maximal) 14 Uhr<\/strong> werden wir die Mainzer Bev\u00f6lkerung \u00fcber Hartz IV aufkl\u00e4ren und f\u00fcr den Kampf gegen Hartz IV vereinnahmen, denn was da rauscht, klingelt und leuchtet, sind nicht etwa himmlische Engelscharen, Glocken und Christbaumlichter, sondern die Ablehnungsbescheide f\u00fcr die Weihnachtsbeihilfe, die mangels Tannenbaum vorm Fenster h\u00e4ngenden Billig-Christbaumkugeln aus China und die nach der Stromsperre f\u00e4llig werdende Kerzenbeleuchtung.<\/p>\n<p>Besonders zum Weihnachtsfest wird der Ausschluss von Hartz-IV-Leistungsberechtigten aus dem gesellschaftlichen Leben \u00a0sp\u00fcrbar: kein Gl\u00fchwein (Alkohol wurde gestrichen!), kein Christbaum (zu teuer), keine Geschenke (<a title=\"Regelbedarf Grundsicherung Hartz IV 2013\" href=\"http:\/\/www.rtl.de\/cms\/ratgeber\/das-sind-die-aktuellen-hartz-iv-regelsaetze-im-detail-21851-4f7f-35-1104311.html\">im Regelsatz nicht vorgesehen<\/a>), usw. Wir wollen zeigen, warum es f\u00fcr Menschen wie dich und mich im Hartz-IV-Bezug kein Weihnachten gibt. Erich K\u00e4stner sagte es uns schon mit einem Gedicht &#8220;<a href=\"http:\/\/www.hohenlohe-ungefiltert.de\/?p=5993\">Morgen, Kinder, wird&#8217;s nichts geben<\/a>&#8220;&#8230;<\/p>\n","protected":false},"excerpt":{"rendered":"<p>Am Mittwoch, den 19.12.2012 ist wieder unser Jeden-Monat-Infostand (JMI) auf dem Kardinal-Volk-Platz am stadtzugewandten Ausgang der R\u00f6merpassage. Die\u00a0 Mainzer Initiative gegen HARTZ IV \u00a0wird dabei unterst\u00fctzt vom Bezirkserwerbslosenausschuss ver.di Rhein &#8211; Nahe &#8211; Hunsr\u00fcck und der\u00a0 LINKEN HILFE Mainz e. V. Ab etwa 11 Uhr bis (maximal) 14 Uhr werden wir die Mainzer Bev\u00f6lkerung \u00fcber &hellip; <a href=\"https:\/\/hartz4-muss-weg.de\/?p=96\" class=\"more-link\">Continue reading <span class=\"screen-reader-text\">Jeden-Monat-Infostand im Dezember<\/span> <span class=\"meta-nav\">&rarr;<\/span><\/a><\/p>\n","protected":false},"author":2,"featured_media":0,"comment_status":"open","ping_status":"closed","sticky":false,"template":"","format":"standard","meta":{"footnotes":""},"categories":[6,21,4],"tags":[],"class_list":["post-96","post","type-post","status-publish","format-standard","hentry","category-hartz4","category-infostand","category-jeden-monat-demo"],"_links":{"self":[{"href":"https:\/\/hartz4-muss-weg.de\/index.php?rest_route=\/wp\/v2\/posts\/96","targetHints":{"allow":["GET"]}}],"collection":[{"href":"https:\/\/hartz4-muss-weg.de\/index.php?rest_route=\/wp\/v2\/posts"}],"about":[{"href":"https:\/\/hartz4-muss-weg.de\/index.php?rest_route=\/wp\/v2\/types\/post"}],"author":[{"embeddable":true,"href":"https:\/\/hartz4-muss-weg.de\/index.php?rest_route=\/wp\/v2\/users\/2"}],"replies":[{"embeddable":true,"href":"https:\/\/hartz4-muss-weg.de\/index.php?rest_route=%2Fwp%2Fv2%2Fcomments&post=96"}],"version-history":[{"count":0,"href":"https:\/\/hartz4-muss-weg.de\/index.php?rest_route=\/wp\/v2\/posts\/96\/revisions"}],"wp:attachment":[{"href":"https:\/\/hartz4-muss-weg.de\/index.php?rest_route=%2Fwp%2Fv2%2Fmedia&parent=96"}],"wp:term":[{"taxonomy":"category","embeddable":true,"href":"https:\/\/hartz4-muss-weg.de\/index.php?rest_route=%2Fwp%2Fv2%2Fcategories&post=96"},{"taxonomy":"post_tag","embeddable":true,"href":"https:\/\/hartz4-muss-weg.de\/index.php?rest_route=%2Fwp%2Fv2%2Ftags&post=96"}],"curies":[{"name":"wp","href":"https:\/\/api.w.org\/{rel}","templated":true}]}}