{"id":94,"date":"2012-11-21T21:45:38","date_gmt":"2012-11-21T20:45:38","guid":{"rendered":"http:\/\/hartz4-muss-weg.de\/?p=94"},"modified":"2012-11-21T22:19:50","modified_gmt":"2012-11-21T21:19:50","slug":"pressespiegel-sozialausschuss","status":"publish","type":"post","link":"https:\/\/hartz4-muss-weg.de\/?p=94","title":{"rendered":"Pressespiegel Sozialausschuss"},"content":{"rendered":"<p>Mainzer Rhein-Zeitung vom 7. November 2012 (<em>Titelseite<\/em>)<\/p>\n<p><strong>Ringen um Sozialpass<\/strong><\/p>\n<p><em><strong>Ausschuss<\/strong> Knackpunkt: Busticket zum Hartz-IV-Tarif<\/em><\/p>\n<p><strong>Mainz.<\/strong> Der Stand der \u00dcberlegungen der Stadtverwaltung zu einem &#8220;Mainzer Sozialpass&#8221; f\u00fcr Hartz-IV-Empf\u00e4nger [und Bezieher von Niedrigeinkommen] bleibt noch im Dunkeln: ein f\u00fcr den gestrigen Sozialausschuss geplanter Sachstandsbericht wurde auf Antrag der Gr\u00fcnen wieder abgesetzt. Begr\u00fcndung: weiterer Beratungsbedarf.<\/p>\n<p>Die Gr\u00fcnen selbst hatten 2009 gefordert, den 1985 eingef\u00fchrten Sozialausweis zu einem Sozialpass mit umfassenden Verg\u00fcnstigungen weiterzuentwickeln. Kernst\u00fcck sollte eine Monatskarte f\u00fcr Bus und Stra\u00dfenbahn [und Sondersituation in Mainz: <em>ohne<\/em> S-Bahn] sein, die nicht teurer ist als der im Hartz-IV-Satz f\u00fcr Mobilit\u00e4t vorgesehene Betrag &#8211; derzeit knapp 23 Euro [falsch!]. In fr\u00fcheren Berichten an den Stadtrat hie\u00df es, dies w\u00fcrde Ausgleichszahlungen an die MVG in Millionenh\u00f6he bedeuten. Bisher erhalten Sozialausweisinhaber auf die Monatskarte 25 Prozent Erm\u00e4\u00dfigung auf 52,50 Euro.<\/p>\n<p>Manfred Bartl von der &#8220;Mainzer Initiative Hartz IV muss weg&#8221; [in Wirklichkeit: &#8220;Mainzer Initiative gegen HARTZ IV&#8221;] sagte am Rande der Sitzung, man k\u00f6nne &#8220;jahrelang um ein Sozialticket ringen, aber Hartz-IV-Empf\u00e4nger brauchen die Mobilit\u00e4t jetzt&#8221;. Jens Mae\u00dfe, Sozialpolitiker der im Ausschuss [derzeit] nicht vertretenen [Partei] Die Linke, sagte: &#8220;Es ist ein Skandal, dass soziale Teilhabe nicht angemessen diskutiert wird.&#8221; In K\u00f6ln habe der &#8220;K\u00f6ln-Pass&#8221; dem Verkehrsverbund zus\u00e4tzliche Fahrg\u00e4ste [vor allem aber: zus\u00e4tzliche Einnahmen!] beschert. <em>ren<\/em><\/p>\n<p><em>Kommentar<\/em>: F\u00fcr die Forderung im Bereich des \u00d6ffentlichen Personen-<em>Nah<\/em>verkehr (\u00d6PNV) darf nat\u00fcrlich nicht der gesamte Mobilit\u00e4tsanteil im Hartz-IV-Regelbedarf f\u00fcr Alleinstehende herangezogen werden, sondern nur der dedizierte \u00d6PNV-Anteil am Verkehrsanteil in H\u00f6he von derzeit 18,41 Euro, zwecks Ber\u00fccksichtigung von Paar-Regelbedarfen reduziert um einen gewissen Betrag, womit man bei einem glatten und runden Betrag wie 15 Euro landet.<\/p>\n<p>&#8212;&#8211;<\/p>\n<p>Mainzer Allgemeine Zeitung vom 7. November 2012 [<a href=\"http:\/\/www.allgemeine-zeitung.de\/region\/mainz\/meldungen\/12570945.htm\">Link<\/a>]<\/p>\n<p><strong>&#8220;Nur der Beginn einer Diskussion&#8221;<\/strong><\/p>\n<p><em><strong>SOZIALAUSSCHUSS<\/strong> Bielefelder Verein stellt Modell eines Mehrgenerationenprojekts vor \/ Dezernent Merkator bremst Euphorie<\/em><\/p>\n<p>[Bericht zur gemeinsamen Sitzung des Sozialausschusses mit dem Seniorenbeirat]<\/p>\n<p>Der urspr\u00fcnglich geplante Tagesordnungspunkt zum Mainzer Sozialpass wurde in der Sitzung des Sozialausschusses nicht behandelt.<\/p>\n<p><em>Kommentar<\/em>: Ein absurd dilettantischer Bericht, der mit keiner Silbe auf Grund oder Verursacher der Nichtbehandlung eingeht oder die katastrophalen Folgen der Nichtbehandlung aufzeigt. Der Titel, der sich auf das &#8220;Bielefelder Modell&#8221; bezieht, trifft im Hinblick auf die Absetzung des Tagesordnungspunktes SozialPass absolut nicht zu: eine Entscheidung wie auch die Diskussion werden hiner in unverantwortlicher Weise hinausgez\u00f6gert, wenn nicht gar auf den St.-Nimmerleins-Tag verschoben. Die Wahrscheinlichkeit eines revolution\u00e4ren Umsturzes steigt und steigt und steigt&#8230;.<\/p>\n","protected":false},"excerpt":{"rendered":"<p>Mainzer Rhein-Zeitung vom 7. November 2012 (Titelseite) Ringen um Sozialpass Ausschuss Knackpunkt: Busticket zum Hartz-IV-Tarif Mainz. Der Stand der \u00dcberlegungen der Stadtverwaltung zu einem &#8220;Mainzer Sozialpass&#8221; f\u00fcr Hartz-IV-Empf\u00e4nger [und Bezieher von Niedrigeinkommen] bleibt noch im Dunkeln: ein f\u00fcr den gestrigen Sozialausschuss geplanter Sachstandsbericht wurde auf Antrag der Gr\u00fcnen wieder abgesetzt. Begr\u00fcndung: weiterer Beratungsbedarf. Die Gr\u00fcnen &hellip; <a href=\"https:\/\/hartz4-muss-weg.de\/?p=94\" class=\"more-link\">Continue reading <span class=\"screen-reader-text\">Pressespiegel Sozialausschuss<\/span> <span class=\"meta-nav\">&rarr;<\/span><\/a><\/p>\n","protected":false},"author":2,"featured_media":0,"comment_status":"open","ping_status":"closed","sticky":false,"template":"","format":"standard","meta":{"footnotes":""},"categories":[16],"tags":[],"class_list":["post-94","post","type-post","status-publish","format-standard","hentry","category-pressespiegel"],"_links":{"self":[{"href":"https:\/\/hartz4-muss-weg.de\/index.php?rest_route=\/wp\/v2\/posts\/94","targetHints":{"allow":["GET"]}}],"collection":[{"href":"https:\/\/hartz4-muss-weg.de\/index.php?rest_route=\/wp\/v2\/posts"}],"about":[{"href":"https:\/\/hartz4-muss-weg.de\/index.php?rest_route=\/wp\/v2\/types\/post"}],"author":[{"embeddable":true,"href":"https:\/\/hartz4-muss-weg.de\/index.php?rest_route=\/wp\/v2\/users\/2"}],"replies":[{"embeddable":true,"href":"https:\/\/hartz4-muss-weg.de\/index.php?rest_route=%2Fwp%2Fv2%2Fcomments&post=94"}],"version-history":[{"count":0,"href":"https:\/\/hartz4-muss-weg.de\/index.php?rest_route=\/wp\/v2\/posts\/94\/revisions"}],"wp:attachment":[{"href":"https:\/\/hartz4-muss-weg.de\/index.php?rest_route=%2Fwp%2Fv2%2Fmedia&parent=94"}],"wp:term":[{"taxonomy":"category","embeddable":true,"href":"https:\/\/hartz4-muss-weg.de\/index.php?rest_route=%2Fwp%2Fv2%2Fcategories&post=94"},{"taxonomy":"post_tag","embeddable":true,"href":"https:\/\/hartz4-muss-weg.de\/index.php?rest_route=%2Fwp%2Fv2%2Ftags&post=94"}],"curies":[{"name":"wp","href":"https:\/\/api.w.org\/{rel}","templated":true}]}}