{"id":66,"date":"2011-03-15T00:27:52","date_gmt":"2011-03-14T23:27:52","guid":{"rendered":"http:\/\/hartz4-muss-weg.de\/?p=66"},"modified":"2011-03-15T00:27:52","modified_gmt":"2011-03-14T23:27:52","slug":"aufruf-zur-22-jeden-monat-demo","status":"publish","type":"post","link":"https:\/\/hartz4-muss-weg.de\/?p=66","title":{"rendered":"Aufruf zur 22. Jeden-Monat-Demo"},"content":{"rendered":"<p>Die bundespolitische Situation bleibt unfassbar: Die Bundesregierung, Bundestag und Bundesrat ignorieren ein Bundesverfassungsgerichtsurteil, senken den Hartz-IV-Regelsatz <em>de facto<\/em> sogar noch ab, sie streichen mit dem Anteil f\u00fcr Alkohol und Tabak gesellschaftsweit akzeptierte Genussmittel aus der Lebenswirklichkeit von Langzeitarbeitslosen und schaffen damit &#8211; nun endlich f\u00fcr jedermann sichtbar &#8211; Menschen zweiter Klasse, sie leugnen die Notwendigkeit des gesetzlichen fl\u00e4chendeckenden Mindestlohns und zementieren sowohl Niedriglohnsektor und Massenarbeitslosigkeit als auch die Erpressbarkeit der Arbeitnehmer, Jobs zu Konditionen annehmen zu m\u00fcssen, die ihnen kein existenzsicherndes Einkommen erm\u00f6glichen und volkswirtschaftlich unsinnig sind, sie ruinieren Eltern bzw. junge Leute, die gerne ein Kind haben w\u00fcrden, aber vor lauter Unsicherheit nicht wissen wohin. &#8212; Doch wo bleibt der Aufschrei der gerecht und billig Denkenden??<\/p>\n<p><strong>Am <em>Mittwoch, den 16.03.2011<\/em> sind wir wieder auf der Stra\u00dfe mit der 22. Mainzer Jeden-Monat-Demo! Um <em>12 Uhr<\/em> geht es los am <em>M\u00fcnsterplatz<\/em>.<\/strong><\/p>\n","protected":false},"excerpt":{"rendered":"<p>Die bundespolitische Situation bleibt unfassbar: Die Bundesregierung, Bundestag und Bundesrat ignorieren ein Bundesverfassungsgerichtsurteil, senken den Hartz-IV-Regelsatz de facto sogar noch ab, sie streichen mit dem Anteil f\u00fcr Alkohol und Tabak gesellschaftsweit akzeptierte Genussmittel aus der Lebenswirklichkeit von Langzeitarbeitslosen und schaffen damit &#8211; nun endlich f\u00fcr jedermann sichtbar &#8211; Menschen zweiter Klasse, sie leugnen die Notwendigkeit &hellip; <a href=\"https:\/\/hartz4-muss-weg.de\/?p=66\" class=\"more-link\">Continue reading <span class=\"screen-reader-text\">Aufruf zur 22. Jeden-Monat-Demo<\/span> <span class=\"meta-nav\">&rarr;<\/span><\/a><\/p>\n","protected":false},"author":2,"featured_media":0,"comment_status":"open","ping_status":"closed","sticky":false,"template":"","format":"standard","meta":{"footnotes":""},"categories":[6,4],"tags":[],"class_list":["post-66","post","type-post","status-publish","format-standard","hentry","category-hartz4","category-jeden-monat-demo"],"_links":{"self":[{"href":"https:\/\/hartz4-muss-weg.de\/index.php?rest_route=\/wp\/v2\/posts\/66","targetHints":{"allow":["GET"]}}],"collection":[{"href":"https:\/\/hartz4-muss-weg.de\/index.php?rest_route=\/wp\/v2\/posts"}],"about":[{"href":"https:\/\/hartz4-muss-weg.de\/index.php?rest_route=\/wp\/v2\/types\/post"}],"author":[{"embeddable":true,"href":"https:\/\/hartz4-muss-weg.de\/index.php?rest_route=\/wp\/v2\/users\/2"}],"replies":[{"embeddable":true,"href":"https:\/\/hartz4-muss-weg.de\/index.php?rest_route=%2Fwp%2Fv2%2Fcomments&post=66"}],"version-history":[{"count":0,"href":"https:\/\/hartz4-muss-weg.de\/index.php?rest_route=\/wp\/v2\/posts\/66\/revisions"}],"wp:attachment":[{"href":"https:\/\/hartz4-muss-weg.de\/index.php?rest_route=%2Fwp%2Fv2%2Fmedia&parent=66"}],"wp:term":[{"taxonomy":"category","embeddable":true,"href":"https:\/\/hartz4-muss-weg.de\/index.php?rest_route=%2Fwp%2Fv2%2Fcategories&post=66"},{"taxonomy":"post_tag","embeddable":true,"href":"https:\/\/hartz4-muss-weg.de\/index.php?rest_route=%2Fwp%2Fv2%2Ftags&post=66"}],"curies":[{"name":"wp","href":"https:\/\/api.w.org\/{rel}","templated":true}]}}