{"id":282,"date":"2023-01-11T08:09:38","date_gmt":"2023-01-11T07:09:38","guid":{"rendered":"https:\/\/hartz4-muss-weg.de\/?p=282"},"modified":"2023-01-11T08:09:38","modified_gmt":"2023-01-11T07:09:38","slug":"das-sozialticket-wird-fast-sozial","status":"publish","type":"post","link":"https:\/\/hartz4-muss-weg.de\/?p=282","title":{"rendered":"Das Sozialticket wird (fast) sozial"},"content":{"rendered":"\n<p>Fr\u00fcher versch\u00e4mt au\u00dfen vor gelassen bzw. in den &#8220;Besonderen Bef\u00f6rderungsbedingungen&#8221; des Verkehrsverbundes Mainz Wiesbaden (VMW) versteckt, hat das Mainzer Sozialticket \u2013 wenngleich immer noch unter dem Terminus technicus &#8220;Sondermonatskarte&#8221; getarnt \u2013 nun eine eigen Seite f\u00fcr seinen Webauftritt!<\/p>\n\n\n\n<p><a href=\"https:\/\/www.mainzer-mobilitaet.de\/tickets-und-tarife\/sondermonatskarte-mainz\">https:\/\/www.mainzer-mobilitaet.de\/tickets-und-tarife\/sondermonatskarte-mainz<\/a><\/p>\n\n\n\n<p><br>Alle Informationen zum Verbreiten auch gleich hier:<\/p>\n\n\n\n<p><strong>Sondermonatskarte Mainz<\/strong><\/p>\n\n\n\n<p>Verg\u00fcnstigter Fahrschein mit dem MainzPass<\/p>\n\n\n\n<p>In Kombination mit dem MainzPass der Stadt Mainz erhalten Sie verg\u00fcnstigte Monatskarten. Informationen und Rahmenbedingungen zum MainzPass finden Sie auf der <a href=\"https:\/\/www.mainz.de\/mainzpass\" target=\"_blank\" rel=\"noreferrer noopener\">MainzPass-Webside der Stadt Mainz<\/a>.<\/p>\n\n\n\n<p>\u27a1\ufe0f Freie Wahl des Startdatums<br>\u27a1\ufe0f G\u00fcltig bis einschlie\u00dflich dem gleichen Tag des Folgemonats<br>\u27a1\ufe0f <strong>Rund um die Uhr<\/strong> <strong><em>auf allen Linien<\/em><\/strong> im RMV-Tarifgebiet 6500 (Mainz\/Wiesbaden) g\u00fcltig (Busse, Stra\u00dfenbahnen, <strong>S-Bahnen, Regionalbahnen<\/strong>) \u2b05\ufe0f <strong>NEU!<\/strong><br>\u27a1\ufe0f Pers\u00f6nlich und nur g\u00fcltig in Verbindung mit einem g\u00fcltigen MainzPass<br>\u27a1\ufe0f Keine Mitnahmeregelung<\/p>\n\n\n\n<p><strong>Preis der Sondermonatskarte Mainz<\/strong><\/p>\n\n\n\n<p>Verg\u00fcnstigte, pers\u00f6nliche Monatskarte f\u00fcr Inhaber\/-innen des MainzPasses der Stadt Mainz. G\u00fcltig ab dem ausgew\u00e4hlten Startdatum bis zum gleichen Tag des Folgemonats. Fahrschein gilt nur in Verbindung mit einem g\u00fcltigen MainzPass. Der MainzPass muss noch mindestens einen Monat ab dem ersten G\u00fcltigkeitstag der Sondermonatskarte Mainz g\u00fcltig sein.<\/p>\n\n\n\n<p>RMV-Preisstufe 13 (Stand zum: 1.1.2023)<\/p>\n\n\n\n<p><strong>Sondermonatskarte Mainz 30,00 \u20ac<\/strong><\/p>\n\n\n\n<p>Fahrschein erh\u00e4ltlich:<\/p>\n\n\n\n<p>\u27a1\ufe0f an den <strong>Automaten<\/strong> an unseren Haltestellen \u2b05\ufe0f <strong>NEU!<\/strong><\/p>\n\n\n\n<p>\u27a1\ufe0f in unseren Vorverkaufsstellen<\/p>\n\n\n\n<p>\u27a1\ufe0f in der RMV-Mobilit\u00e4ts-Beratung im Verkehrs Center Mainz<\/p>\n\n\n\n<p><br><strong>Drei Anmerkungen<\/strong>:<\/p>\n\n\n\n<p>\ud83d\udd34 Der scheinbare Nachteil, dass die Fahrkarte nicht \u00fcbertragbar, sondern &#8220;Pers\u00f6nlich&#8221; ist, ist f\u00fcr die Betroffenen ein Vorteil, weil die Karte dadurch bei Verlust ersetzt werden kann!<\/p>\n\n\n\n<p>\ud83d\udd34 Die bislang bekannte Schikane Keine Mitnahmeregelung bleibt bestehen!<\/p>\n\n\n\n<p>\ud83d\udd34 Auch die fiese Unsitte, dass man die Sondermonatskarte am Schalter wohl nur erh\u00e4lt, wenn man diese Voraussetzung erf\u00fcllt: &#8220;Der MainzPass muss noch mindestens einen Monat ab dem ersten G\u00fcltigkeitstag der Sondermonatskarte Mainz g\u00fcltig sein.&#8221; \u2026bleibt bestehen. Offenbar findet sich niemand mit selbst diesem klitzekleinen bisschen Mut, der n\u00f6tig ist, um gegen diesen Quatsch vorzugehen\u2026\u2026 \u2014 Ironisch ist dann freilich, dass die Sondermonatskarte jetzt auch am Automaten erh\u00e4ltlich ist, der dieses Detail logischerweise gar nicht checken kann!<\/p>\n\n\n\n<p><br>\u2026und <strong><em>eine<\/em><\/strong> <strong>Erg\u00e4nzung<\/strong>:<\/p>\n\n\n\n<p>Nach 4 Jahren des <strong><em>totalen<\/em> Irrwegs<\/strong> eines 9-Uhr-Moantstickets kehrt das Sozialticket zur Normalit\u00e4t eines normalen Monatstickets zur\u00fcck, das rund um die Uhr g\u00fcltig ist.<\/p>\n","protected":false},"excerpt":{"rendered":"<p>Fr\u00fcher versch\u00e4mt au\u00dfen vor gelassen bzw. in den &#8220;Besonderen Bef\u00f6rderungsbedingungen&#8221; des Verkehrsverbundes Mainz Wiesbaden (VMW) versteckt, hat das Mainzer Sozialticket \u2013 wenngleich immer noch unter dem Terminus technicus &#8220;Sondermonatskarte&#8221; getarnt \u2013 nun eine eigen Seite f\u00fcr seinen Webauftritt! https:\/\/www.mainzer-mobilitaet.de\/tickets-und-tarife\/sondermonatskarte-mainz Alle Informationen zum Verbreiten auch gleich hier: Sondermonatskarte Mainz Verg\u00fcnstigter Fahrschein mit dem MainzPass In Kombination &hellip; <a href=\"https:\/\/hartz4-muss-weg.de\/?p=282\" class=\"more-link\">Continue reading <span class=\"screen-reader-text\">Das Sozialticket wird (fast) sozial<\/span> <span class=\"meta-nav\">&rarr;<\/span><\/a><\/p>\n","protected":false},"author":2,"featured_media":0,"comment_status":"open","ping_status":"closed","sticky":false,"template":"","format":"standard","meta":{"footnotes":""},"categories":[28,53],"tags":[89,91,90,35,29],"class_list":["post-282","post","type-post","status-publish","format-standard","hentry","category-mobilitat","category-sozialticket","tag-mainzer-mobilitat","tag-mainzpass","tag-sondermonatskarte","tag-sozial","tag-sozialticket"],"_links":{"self":[{"href":"https:\/\/hartz4-muss-weg.de\/index.php?rest_route=\/wp\/v2\/posts\/282","targetHints":{"allow":["GET"]}}],"collection":[{"href":"https:\/\/hartz4-muss-weg.de\/index.php?rest_route=\/wp\/v2\/posts"}],"about":[{"href":"https:\/\/hartz4-muss-weg.de\/index.php?rest_route=\/wp\/v2\/types\/post"}],"author":[{"embeddable":true,"href":"https:\/\/hartz4-muss-weg.de\/index.php?rest_route=\/wp\/v2\/users\/2"}],"replies":[{"embeddable":true,"href":"https:\/\/hartz4-muss-weg.de\/index.php?rest_route=%2Fwp%2Fv2%2Fcomments&post=282"}],"version-history":[{"count":1,"href":"https:\/\/hartz4-muss-weg.de\/index.php?rest_route=\/wp\/v2\/posts\/282\/revisions"}],"predecessor-version":[{"id":283,"href":"https:\/\/hartz4-muss-weg.de\/index.php?rest_route=\/wp\/v2\/posts\/282\/revisions\/283"}],"wp:attachment":[{"href":"https:\/\/hartz4-muss-weg.de\/index.php?rest_route=%2Fwp%2Fv2%2Fmedia&parent=282"}],"wp:term":[{"taxonomy":"category","embeddable":true,"href":"https:\/\/hartz4-muss-weg.de\/index.php?rest_route=%2Fwp%2Fv2%2Fcategories&post=282"},{"taxonomy":"post_tag","embeddable":true,"href":"https:\/\/hartz4-muss-weg.de\/index.php?rest_route=%2Fwp%2Fv2%2Ftags&post=282"}],"curies":[{"name":"wp","href":"https:\/\/api.w.org\/{rel}","templated":true}]}}