{"id":235,"date":"2019-05-13T14:23:04","date_gmt":"2019-05-13T12:23:04","guid":{"rendered":"http:\/\/hartz4-muss-weg.de\/?p=235"},"modified":"2019-05-13T14:53:32","modified_gmt":"2019-05-13T12:53:32","slug":"mondays-for-future-2","status":"publish","type":"post","link":"https:\/\/hartz4-muss-weg.de\/?p=235","title":{"rendered":"Mondays for Future"},"content":{"rendered":"<p>Zukunft f\u00fcr Europa! Solidarit\u00e4t mit dem Klimastreik #FridaysForFuture der Sch\u00fcler*innen!<\/p>\n<p><strong>am Montag, den 13. Mai 2019<br \/>\num 17:30 Uhr<br \/>\nvom Gutenbergplatz Mainz aus<\/strong><\/p>\n<p><a href=\"https:\/\/hartz4-muss-weg.de\/wp-content\/uploads\/2019\/05\/M4F-Banner-3x1_800px.jpg\"><img loading=\"lazy\" decoding=\"async\" src=\"https:\/\/hartz4-muss-weg.de\/wp-content\/uploads\/2019\/05\/M4F-Banner-3x1_800px.jpg\" alt=\"\" width=\"800\" height=\"267\" class=\"alignnone size-full wp-image-238\" alt=\"Banner von #MondaysForFuture Mainz\" srcset=\"https:\/\/hartz4-muss-weg.de\/wp-content\/uploads\/2019\/05\/M4F-Banner-3x1_800px.jpg 800w, https:\/\/hartz4-muss-weg.de\/wp-content\/uploads\/2019\/05\/M4F-Banner-3x1_800px-300x100.jpg 300w, https:\/\/hartz4-muss-weg.de\/wp-content\/uploads\/2019\/05\/M4F-Banner-3x1_800px-768x256.jpg 768w\" sizes=\"auto, (max-width: 800px) 100vw, 800px\" \/><\/a><\/p>\n<p><strong>Zukunft!<\/p>\n<p>F\u00fcr unser Klima, f\u00fcr Demokratie, f\u00fcr soziale Gerechtigkeit, f\u00fcr Europa!<\/strong>   <\/p>\n<p>Mainzer*innen unterst\u00fctzen die Forderungen der streikenden Sch\u00fcler*innen:<br \/>\nIm M\u00e4rz und April haben wir in unseren ersten zwei Montagsspazierg\u00e4ngen eine sofortige und vor allem klimavertr\u00e4gliche Energie- und Verkehrswende gefordert.<br \/>\nBei unserem letzten Montagsspaziergang am 13. Mai beleuchten wir vor der Kommunal- und Europawahl die Agrarwende. Die stark subventionierte Agrarindustrie mit ihren hohen Treibhausgas-Emissionen ist uns Ansporn genug wieder auf die Stra\u00dfe zu gehen. In vier Redebeitr\u00e4gen fordern wir ein Umdenken hin zur \u00f6kologischen und klimaschonenden Landwirtschaft, eine artgerechte Tierhaltung, den Verzicht auf Umweltgiften und das damit verbundene Ende des Insektensterbens.<\/p>\n<p>Mondays for Future Mainz dauert rund eine Stunde und startet 17:30 Uhr am Gutenbergplatz.<br \/>\nDes Weiteren rufen wir zu den Gro\u00dfdemos am 18.5. in Koblenz und am 19.5. in Frankfurt am Main sowie zur Teilnahme zum Global Climate Strike for Future am 24.5. (10 Uhr, Hauptbahnof Mainz) auf.<\/p>\n","protected":false},"excerpt":{"rendered":"<p>Zukunft f\u00fcr Europa! Solidarit\u00e4t mit dem Klimastreik #FridaysForFuture der Sch\u00fcler*innen! am Montag, den 13. Mai 2019 um 17:30 Uhr vom Gutenbergplatz Mainz aus Zukunft! F\u00fcr unser Klima, f\u00fcr Demokratie, f\u00fcr soziale Gerechtigkeit, f\u00fcr Europa! Mainzer*innen unterst\u00fctzen die Forderungen der streikenden Sch\u00fcler*innen: Im M\u00e4rz und April haben wir in unseren ersten zwei Montagsspazierg\u00e4ngen eine sofortige und &hellip; <a href=\"https:\/\/hartz4-muss-weg.de\/?p=235\" class=\"more-link\">Continue reading <span class=\"screen-reader-text\">Mondays for Future<\/span> <span class=\"meta-nav\">&rarr;<\/span><\/a><\/p>\n","protected":false},"author":2,"featured_media":0,"comment_status":"open","ping_status":"closed","sticky":false,"template":"","format":"standard","meta":{"footnotes":""},"categories":[1],"tags":[],"class_list":["post-235","post","type-post","status-publish","format-standard","hentry","category-allgemein"],"_links":{"self":[{"href":"https:\/\/hartz4-muss-weg.de\/index.php?rest_route=\/wp\/v2\/posts\/235","targetHints":{"allow":["GET"]}}],"collection":[{"href":"https:\/\/hartz4-muss-weg.de\/index.php?rest_route=\/wp\/v2\/posts"}],"about":[{"href":"https:\/\/hartz4-muss-weg.de\/index.php?rest_route=\/wp\/v2\/types\/post"}],"author":[{"embeddable":true,"href":"https:\/\/hartz4-muss-weg.de\/index.php?rest_route=\/wp\/v2\/users\/2"}],"replies":[{"embeddable":true,"href":"https:\/\/hartz4-muss-weg.de\/index.php?rest_route=%2Fwp%2Fv2%2Fcomments&post=235"}],"version-history":[{"count":3,"href":"https:\/\/hartz4-muss-weg.de\/index.php?rest_route=\/wp\/v2\/posts\/235\/revisions"}],"predecessor-version":[{"id":240,"href":"https:\/\/hartz4-muss-weg.de\/index.php?rest_route=\/wp\/v2\/posts\/235\/revisions\/240"}],"wp:attachment":[{"href":"https:\/\/hartz4-muss-weg.de\/index.php?rest_route=%2Fwp%2Fv2%2Fmedia&parent=235"}],"wp:term":[{"taxonomy":"category","embeddable":true,"href":"https:\/\/hartz4-muss-weg.de\/index.php?rest_route=%2Fwp%2Fv2%2Fcategories&post=235"},{"taxonomy":"post_tag","embeddable":true,"href":"https:\/\/hartz4-muss-weg.de\/index.php?rest_route=%2Fwp%2Fv2%2Ftags&post=235"}],"curies":[{"name":"wp","href":"https:\/\/api.w.org\/{rel}","templated":true}]}}