{"id":198,"date":"2017-10-21T17:19:56","date_gmt":"2017-10-21T15:19:56","guid":{"rendered":"http:\/\/hartz4-muss-weg.de\/?p=198"},"modified":"2017-10-21T17:19:56","modified_gmt":"2017-10-21T15:19:56","slug":"das-bundnis-mobilitat-fur-alle-ein-sozialticket-fur-rheinland-pfalz-steht","status":"publish","type":"post","link":"https:\/\/hartz4-muss-weg.de\/?p=198","title":{"rendered":"Das B\u00fcndnis &#8220;Mobilit\u00e4t f\u00fcr alle! Ein Sozialticket f\u00fcr Rheinland-Pfalz&#8221; steht!"},"content":{"rendered":"<p>\u201eMobilit\u00e4t f\u00fcr alle\u201c \u2013 das ist das Ziel eines neuen B\u00fcndnisses rheinland-pf\u00e4lzischer Nichtregierungsorganisationen. Gemeinsam fordern die B\u00fcndnispartner eine fl\u00e4chendeckende, einheitliche und diskriminierungsfreie L\u00f6sung f\u00fcr einen bezahlbaren \u00f6ffentlichen Nahverkehr in ganz Rheinland-Pfalz.<\/p>\n<figure id=\"attachment_199\" aria-describedby=\"caption-attachment-199\" style=\"width: 640px\" class=\"wp-caption alignnone\"><a href=\"https:\/\/hartz4-muss-weg.de\/wp-content\/uploads\/2017\/10\/BuendnisMobilitaetFuerAlleSozialticketRLPkl.jpg\"><img loading=\"lazy\" decoding=\"async\" src=\"https:\/\/hartz4-muss-weg.de\/wp-content\/uploads\/2017\/10\/BuendnisMobilitaetFuerAlleSozialticketRLPkl.jpg\" alt=\"Mobilit\u00e4t f\u00fcr alle! - Gruppenfoto B\u00fcndnis bei Gr\u00fcndung\" width=\"640\" height=\"400\" class=\"size-full wp-image-199\" srcset=\"https:\/\/hartz4-muss-weg.de\/wp-content\/uploads\/2017\/10\/BuendnisMobilitaetFuerAlleSozialticketRLPkl.jpg 640w, https:\/\/hartz4-muss-weg.de\/wp-content\/uploads\/2017\/10\/BuendnisMobilitaetFuerAlleSozialticketRLPkl-300x188.jpg 300w\" sizes=\"auto, (max-width: 640px) 100vw, 640px\" \/><\/a><figcaption id=\"caption-attachment-199\" class=\"wp-caption-text\">Gr\u00fcndung des B\u00fcndnisses Mobilit\u00e4t f\u00fcr alle!<\/figcaption><\/figure>\n<p>Mobilit\u00e4t ist ein menschliches Grundbed\u00fcrfnis und elementare Voraussetzung f\u00fcr gesellschaftliche Teilhabe. Dennoch ist Mobilit\u00e4t in vielen rheinland-pf\u00e4lzischen Regionen f\u00fcr \u00e4rmere Menschen kaum bezahlbar, weil es keine oder zu teure Sozialtickets gibt. Zum Beispiel kostet das Mainzer Sozialticket knapp 60 Euro. Zum Vergleich: Im Rahmen der Grundsicherung und Sozialhilfe veranschlagt der Gesetzgeber 26,44 Euro monatlich f\u00fcr Fahrten mit dem \u00f6ffentlichen Nahverkehr. Damit kommt es entweder zu einer Bedarfsunterdeckung oder zum Ausschluss von Teilhabe.<\/p>\n<p>Eine sozial gerechte Mobilit\u00e4tsl\u00f6sung geh\u00f6rt zu den Ma\u00dfnahmen der Armutsbek\u00e4mpfung, die sich konkret und wirksam auf Landesebene umsetzen lassen. Das B\u00fcndnis \u201eMobilit\u00e4t f\u00fcr alle! \u2013 Ein Sozialticket f\u00fcr Rheinland-Pfalz\u201c nimmt die Landesregierung beim Wort: Sie hat versprochen, den Anspruch jedes Menschen auf Selbstbestimmung und Teilhabe zu verwirklichen und soziale Ausgrenzung zu bek\u00e4mpfen. Das ist auch unabdingbarer Teil des Mobilit\u00e4tskonsenses, den die rheinland-pf\u00e4lzischen Regierungsparteien im Koalitionsvertrag angek\u00fcndigt haben.<\/p>\n<p>Dem B\u00fcndnis \u201eMobilit\u00e4t f\u00fcr alle! Ein Sozialticket f\u00fcr Rheinland-Pfalz!\u201c geh\u00f6ren an: AWO Bezirksverband Pfalz, BUND Rheinland-Pfalz, DGB Rheinland-Pfalz, Deutscher Kinderschutzbund Mainz, LAG Selbsthilfe Behinderter Rheinland-Pfalz, LIGA der freien Wohlfahrtspflege Rheinland-Pfalz, LINKE HILFE Mainz, Mainzer Initiative gegen HARTZ IV, der PARIT\u00c4TISCHE Rheinland-Pfalz\/Saarland, SoVD Rheinland-Pfalz, Sozialverband VdK Rheinland-Pfalz, ver.di Landesbezirk Rheinland-Pfalz\/Saarland.<\/p>\n","protected":false},"excerpt":{"rendered":"<p>\u201eMobilit\u00e4t f\u00fcr alle\u201c \u2013 das ist das Ziel eines neuen B\u00fcndnisses rheinland-pf\u00e4lzischer Nichtregierungsorganisationen. Gemeinsam fordern die B\u00fcndnispartner eine fl\u00e4chendeckende, einheitliche und diskriminierungsfreie L\u00f6sung f\u00fcr einen bezahlbaren \u00f6ffentlichen Nahverkehr in ganz Rheinland-Pfalz. Mobilit\u00e4t ist ein menschliches Grundbed\u00fcrfnis und elementare Voraussetzung f\u00fcr gesellschaftliche Teilhabe. Dennoch ist Mobilit\u00e4t in vielen rheinland-pf\u00e4lzischen Regionen f\u00fcr \u00e4rmere Menschen kaum bezahlbar, weil &hellip; <a href=\"https:\/\/hartz4-muss-weg.de\/?p=198\" class=\"more-link\">Continue reading <span class=\"screen-reader-text\">Das B\u00fcndnis &#8220;Mobilit\u00e4t f\u00fcr alle! Ein Sozialticket f\u00fcr Rheinland-Pfalz&#8221; steht!<\/span> <span class=\"meta-nav\">&rarr;<\/span><\/a><\/p>\n","protected":false},"author":2,"featured_media":0,"comment_status":"open","ping_status":"closed","sticky":false,"template":"","format":"standard","meta":{"footnotes":""},"categories":[15,13,28],"tags":[38,39,42,40,32,41,44,34,43,37,29],"class_list":["post-198","post","type-post","status-publish","format-standard","hentry","category-gewerkschaft","category-initiativen","category-mobilitat","tag-armut","tag-ausschluss","tag-bundnis","tag-grundrecht","tag-mobilitat","tag-nahverkehr","tag-ngo","tag-opnv","tag-organisation","tag-rheinland-pfalz","tag-sozialticket"],"_links":{"self":[{"href":"https:\/\/hartz4-muss-weg.de\/index.php?rest_route=\/wp\/v2\/posts\/198","targetHints":{"allow":["GET"]}}],"collection":[{"href":"https:\/\/hartz4-muss-weg.de\/index.php?rest_route=\/wp\/v2\/posts"}],"about":[{"href":"https:\/\/hartz4-muss-weg.de\/index.php?rest_route=\/wp\/v2\/types\/post"}],"author":[{"embeddable":true,"href":"https:\/\/hartz4-muss-weg.de\/index.php?rest_route=\/wp\/v2\/users\/2"}],"replies":[{"embeddable":true,"href":"https:\/\/hartz4-muss-weg.de\/index.php?rest_route=%2Fwp%2Fv2%2Fcomments&post=198"}],"version-history":[{"count":3,"href":"https:\/\/hartz4-muss-weg.de\/index.php?rest_route=\/wp\/v2\/posts\/198\/revisions"}],"predecessor-version":[{"id":202,"href":"https:\/\/hartz4-muss-weg.de\/index.php?rest_route=\/wp\/v2\/posts\/198\/revisions\/202"}],"wp:attachment":[{"href":"https:\/\/hartz4-muss-weg.de\/index.php?rest_route=%2Fwp%2Fv2%2Fmedia&parent=198"}],"wp:term":[{"taxonomy":"category","embeddable":true,"href":"https:\/\/hartz4-muss-weg.de\/index.php?rest_route=%2Fwp%2Fv2%2Fcategories&post=198"},{"taxonomy":"post_tag","embeddable":true,"href":"https:\/\/hartz4-muss-weg.de\/index.php?rest_route=%2Fwp%2Fv2%2Ftags&post=198"}],"curies":[{"name":"wp","href":"https:\/\/api.w.org\/{rel}","templated":true}]}}