{"id":187,"date":"2017-10-15T00:03:33","date_gmt":"2017-10-14T22:03:33","guid":{"rendered":"http:\/\/hartz4-muss-weg.de\/?p=187"},"modified":"2017-10-18T00:58:48","modified_gmt":"2017-10-17T22:58:48","slug":"schwarzfahrer-demo-am-donnerstag","status":"publish","type":"post","link":"https:\/\/hartz4-muss-weg.de\/?p=187","title":{"rendered":"Schwarzfahrer-Demo am Donnerstag"},"content":{"rendered":"<p>Am <strong>Donnerstag, den 19. Oktober 2017<\/strong> werden wir <strong>von 10 bis 10:30 Uhr im Hauptbahnhof Mainz<\/strong> eine Demonstration am Nordeingang mit Schwerpunkt Zugang zu Gleis 1 (zur S-Bahn nach Wiesbaden) \u00fcber den Bahnhofsvorplatz mit <strong>Abschlusskundgebung vor der RMV-Mobilit\u00e4tszentrale<\/strong> gegen\u00fcber des Hauptbahnhofgeb\u00e4udes durchf\u00fchren.<\/p>\n<p><strong>Wir skandalisieren den Wucherpreis des so genannten Sozialtickets in Mainz<\/strong> (und Wiesbaden), durch den Menschen aufgrund ihrer durch Hartz IV vorprogrammierten und permanent erlittenen Armut gen\u00f6tigt werden, auf ihr Grundrecht auf Mobilit\u00e4t (auf Grundlage des Grundrechts auf Gew\u00e4hrleistung eines menschenw\u00fcrdigen Existenzminimums inkl. sozialer,  kultureller und politischer Teilhabe des Bundesverfassungsgerichtsurteils vom 9. Februar 2010) zu verzichten oder anderweitig zu sichern.<\/p>\n<p><strong>Wir demonstrieren gegen die Kriminalisierung des Schwarzfahrens!<\/strong> &#8220;Erschleichung von Leistungen&#8221; darf &#8211; wie fr\u00fcher \u00fcblich &#8211; nur noch eine Ordnungswidrigkeit sein. Ist man aus gesellschaftlich verursachter Armut gen\u00f6tigt schwarzzufahren, darf sowieso nicht bestraft oder verfolgt werden!<\/p>\n<p><strong>Wir demonstrieren f\u00fcr  mindestens ein Sozialticket zu einem menschenw\u00fcrdigen Preis<\/strong>, mit dem man sich die soziale, kulturelle und politische Teilhaben auch mit dem Arbeitslosengeld 2 sichern kann (denn daf\u00fcr ist es da!), und dar\u00fcber hinaus f\u00fcr <em>echte L\u00f6sungen<\/em> des Problems <strong>Mobilit\u00e4t f\u00fcr alle<\/strong> mittels Nulltarif in Bussen und Bahnen!<\/p>\n<p><strong>Herausragend skandalisieren wir den Ausschluss der Benutzung der S\u2011Bahnen<\/strong> in der RMV-Wabe Mainz\/Wiesbaden aus dem Sozialticket Mainz, obwohl im Bereich des Verkehrsverbundes Mainz Wiesbaden (VMV) das \u201eSozialticket\u201c in Wiesbaden die S\u2011Bahnen enth\u00e4lt, \u2026 <strong>weswegen der Mainzer Hauptbahnhof genau der richtige Ort ist, an den der Protest zu tragen ist!<\/strong><\/p>\n","protected":false},"excerpt":{"rendered":"<p>Am Donnerstag, den 19. Oktober 2017 werden wir von 10 bis 10:30 Uhr im Hauptbahnhof Mainz eine Demonstration am Nordeingang mit Schwerpunkt Zugang zu Gleis 1 (zur S-Bahn nach Wiesbaden) \u00fcber den Bahnhofsvorplatz mit Abschlusskundgebung vor der RMV-Mobilit\u00e4tszentrale gegen\u00fcber des Hauptbahnhofgeb\u00e4udes durchf\u00fchren. Wir skandalisieren den Wucherpreis des so genannten Sozialtickets in Mainz (und Wiesbaden), durch &hellip; <a href=\"https:\/\/hartz4-muss-weg.de\/?p=187\" class=\"more-link\">Continue reading <span class=\"screen-reader-text\">Schwarzfahrer-Demo am Donnerstag<\/span> <span class=\"meta-nav\">&rarr;<\/span><\/a><\/p>\n","protected":false},"author":2,"featured_media":0,"comment_status":"open","ping_status":"closed","sticky":false,"template":"","format":"standard","meta":{"footnotes":""},"categories":[22,26],"tags":[],"class_list":["post-187","post","type-post","status-publish","format-standard","hentry","category-aktionen","category-demo"],"_links":{"self":[{"href":"https:\/\/hartz4-muss-weg.de\/index.php?rest_route=\/wp\/v2\/posts\/187","targetHints":{"allow":["GET"]}}],"collection":[{"href":"https:\/\/hartz4-muss-weg.de\/index.php?rest_route=\/wp\/v2\/posts"}],"about":[{"href":"https:\/\/hartz4-muss-weg.de\/index.php?rest_route=\/wp\/v2\/types\/post"}],"author":[{"embeddable":true,"href":"https:\/\/hartz4-muss-weg.de\/index.php?rest_route=\/wp\/v2\/users\/2"}],"replies":[{"embeddable":true,"href":"https:\/\/hartz4-muss-weg.de\/index.php?rest_route=%2Fwp%2Fv2%2Fcomments&post=187"}],"version-history":[{"count":2,"href":"https:\/\/hartz4-muss-weg.de\/index.php?rest_route=\/wp\/v2\/posts\/187\/revisions"}],"predecessor-version":[{"id":195,"href":"https:\/\/hartz4-muss-weg.de\/index.php?rest_route=\/wp\/v2\/posts\/187\/revisions\/195"}],"wp:attachment":[{"href":"https:\/\/hartz4-muss-weg.de\/index.php?rest_route=%2Fwp%2Fv2%2Fmedia&parent=187"}],"wp:term":[{"taxonomy":"category","embeddable":true,"href":"https:\/\/hartz4-muss-weg.de\/index.php?rest_route=%2Fwp%2Fv2%2Fcategories&post=187"},{"taxonomy":"post_tag","embeddable":true,"href":"https:\/\/hartz4-muss-weg.de\/index.php?rest_route=%2Fwp%2Fv2%2Ftags&post=187"}],"curies":[{"name":"wp","href":"https:\/\/api.w.org\/{rel}","templated":true}]}}